{"id":2413,"date":"2018-05-27T18:54:55","date_gmt":"2018-05-27T16:54:55","guid":{"rendered":"http:\/\/palinski.org\/?p=2413"},"modified":"2019-02-24T13:57:24","modified_gmt":"2019-02-24T12:57:24","slug":"tebriz","status":"publish","type":"post","link":"https:\/\/palinski.org\/?p=2413","title":{"rendered":"Tebriz"},"content":{"rendered":"<p>Tebriz (<strong>\u062a\u0628\u0631\u06cc\u0632<\/strong>, Tebriz), dawna stolica Iranu, po\u0142o\u017cony jest w p\u00f3\u0142nocno-zachodniej cz\u0119\u015bci Iranu, w ostanie Azerbejd\u017can Wschodni. Populacja wynosi 1 600 000 mieszka\u0144c\u00f3w.<\/p>\n<p>Bazar w Tebriz (38\u00b004&#8217;52&#8243;N 46\u00b017&#8217;31&#8243;E) jest najwi\u0119kszym i najstarszym bazarem na \u015bwiecie, na jego terenie znajduje si\u0119 ponad 5000 sklep\u00f3w. Bazar jest podzielony na sekcje, poni\u017cej sekcja z dywanami. Dywany z Tebriz uwa\u017cane s\u0105 za najlepsze w ca\u0142ym Iranie, cho\u0107 akurat dywany prezentowane poni\u017cej to g\u0142\u00f3wnie produkcja mechaniczna, nie r\u0119czna.<\/p>\n<p><img loading=\"lazy\" decoding=\"async\" class=\"aligncenter size-full wp-image-2416\" src=\"https:\/\/palinski.org\/wp-content\/uploads\/2018\/05\/DSC_5750.jpg\" alt=\"\" width=\"1498\" height=\"1000\" srcset=\"https:\/\/palinski.org\/wp-content\/uploads\/2018\/05\/DSC_5750.jpg 1498w, https:\/\/palinski.org\/wp-content\/uploads\/2018\/05\/DSC_5750-150x100.jpg 150w, https:\/\/palinski.org\/wp-content\/uploads\/2018\/05\/DSC_5750-500x334.jpg 500w, https:\/\/palinski.org\/wp-content\/uploads\/2018\/05\/DSC_5750-768x513.jpg 768w, https:\/\/palinski.org\/wp-content\/uploads\/2018\/05\/DSC_5750-1024x684.jpg 1024w, https:\/\/palinski.org\/wp-content\/uploads\/2018\/05\/DSC_5750-272x182.jpg 272w\" sizes=\"auto, (max-width: 1498px) 100vw, 1498px\" \/><\/p>\n<p><img loading=\"lazy\" decoding=\"async\" class=\"aligncenter size-full wp-image-2417\" src=\"https:\/\/palinski.org\/wp-content\/uploads\/2018\/05\/DSC_5753.jpg\" alt=\"\" width=\"668\" height=\"1000\" srcset=\"https:\/\/palinski.org\/wp-content\/uploads\/2018\/05\/DSC_5753.jpg 668w, https:\/\/palinski.org\/wp-content\/uploads\/2018\/05\/DSC_5753-100x150.jpg 100w, https:\/\/palinski.org\/wp-content\/uploads\/2018\/05\/DSC_5753-334x500.jpg 334w\" sizes=\"auto, (max-width: 668px) 100vw, 668px\" \/><\/p>\n<p><img loading=\"lazy\" decoding=\"async\" class=\"aligncenter size-full wp-image-2418\" src=\"https:\/\/palinski.org\/wp-content\/uploads\/2018\/05\/DSC_5758.jpg\" alt=\"\" width=\"1498\" height=\"1000\" srcset=\"https:\/\/palinski.org\/wp-content\/uploads\/2018\/05\/DSC_5758.jpg 1498w, https:\/\/palinski.org\/wp-content\/uploads\/2018\/05\/DSC_5758-150x100.jpg 150w, https:\/\/palinski.org\/wp-content\/uploads\/2018\/05\/DSC_5758-500x334.jpg 500w, https:\/\/palinski.org\/wp-content\/uploads\/2018\/05\/DSC_5758-768x513.jpg 768w, https:\/\/palinski.org\/wp-content\/uploads\/2018\/05\/DSC_5758-1024x684.jpg 1024w, https:\/\/palinski.org\/wp-content\/uploads\/2018\/05\/DSC_5758-272x182.jpg 272w\" sizes=\"auto, (max-width: 1498px) 100vw, 1498px\" \/><\/p>\n<p><img loading=\"lazy\" decoding=\"async\" class=\"aligncenter size-full wp-image-2419\" src=\"https:\/\/palinski.org\/wp-content\/uploads\/2018\/05\/DSC_5766.jpg\" alt=\"\" width=\"1498\" height=\"1000\" srcset=\"https:\/\/palinski.org\/wp-content\/uploads\/2018\/05\/DSC_5766.jpg 1498w, https:\/\/palinski.org\/wp-content\/uploads\/2018\/05\/DSC_5766-150x100.jpg 150w, https:\/\/palinski.org\/wp-content\/uploads\/2018\/05\/DSC_5766-500x334.jpg 500w, https:\/\/palinski.org\/wp-content\/uploads\/2018\/05\/DSC_5766-768x513.jpg 768w, https:\/\/palinski.org\/wp-content\/uploads\/2018\/05\/DSC_5766-1024x684.jpg 1024w, https:\/\/palinski.org\/wp-content\/uploads\/2018\/05\/DSC_5766-272x182.jpg 272w\" sizes=\"auto, (max-width: 1498px) 100vw, 1498px\" \/><\/p>\n<p><img loading=\"lazy\" decoding=\"async\" class=\"aligncenter size-full wp-image-2420\" src=\"https:\/\/palinski.org\/wp-content\/uploads\/2018\/05\/DSC_5775.jpg\" alt=\"\" width=\"1498\" height=\"1000\" srcset=\"https:\/\/palinski.org\/wp-content\/uploads\/2018\/05\/DSC_5775.jpg 1498w, https:\/\/palinski.org\/wp-content\/uploads\/2018\/05\/DSC_5775-150x100.jpg 150w, https:\/\/palinski.org\/wp-content\/uploads\/2018\/05\/DSC_5775-500x334.jpg 500w, https:\/\/palinski.org\/wp-content\/uploads\/2018\/05\/DSC_5775-768x513.jpg 768w, https:\/\/palinski.org\/wp-content\/uploads\/2018\/05\/DSC_5775-1024x684.jpg 1024w, https:\/\/palinski.org\/wp-content\/uploads\/2018\/05\/DSC_5775-272x182.jpg 272w\" sizes=\"auto, (max-width: 1498px) 100vw, 1498px\" \/><\/p>\n<p>Jako \u017ce uliczki na bazarach s\u0105 w\u0105skie i bardzo rzadko samoch\u00f3d mo\u017ce si\u0119 w nich zmie\u015bci\u0107, do transportu u\u017cywa si\u0119 w\u00f3zk\u00f3w.<\/p>\n<p><img loading=\"lazy\" decoding=\"async\" class=\"aligncenter size-full wp-image-2415\" src=\"https:\/\/palinski.org\/wp-content\/uploads\/2018\/05\/DSC_5827.jpg\" alt=\"\" width=\"1498\" height=\"1000\" srcset=\"https:\/\/palinski.org\/wp-content\/uploads\/2018\/05\/DSC_5827.jpg 1498w, https:\/\/palinski.org\/wp-content\/uploads\/2018\/05\/DSC_5827-150x100.jpg 150w, https:\/\/palinski.org\/wp-content\/uploads\/2018\/05\/DSC_5827-500x334.jpg 500w, https:\/\/palinski.org\/wp-content\/uploads\/2018\/05\/DSC_5827-768x513.jpg 768w, https:\/\/palinski.org\/wp-content\/uploads\/2018\/05\/DSC_5827-1024x684.jpg 1024w, https:\/\/palinski.org\/wp-content\/uploads\/2018\/05\/DSC_5827-272x182.jpg 272w\" sizes=\"auto, (max-width: 1498px) 100vw, 1498px\" \/><\/p>\n<p>To nie s\u0105 obrazy, to s\u0105 oprawione dywany.<\/p>\n<p><img loading=\"lazy\" decoding=\"async\" class=\"aligncenter size-full wp-image-2424\" src=\"https:\/\/palinski.org\/wp-content\/uploads\/2018\/05\/DSC_5808.jpg\" alt=\"\" width=\"1498\" height=\"1000\" srcset=\"https:\/\/palinski.org\/wp-content\/uploads\/2018\/05\/DSC_5808.jpg 1498w, https:\/\/palinski.org\/wp-content\/uploads\/2018\/05\/DSC_5808-150x100.jpg 150w, https:\/\/palinski.org\/wp-content\/uploads\/2018\/05\/DSC_5808-500x334.jpg 500w, https:\/\/palinski.org\/wp-content\/uploads\/2018\/05\/DSC_5808-768x513.jpg 768w, https:\/\/palinski.org\/wp-content\/uploads\/2018\/05\/DSC_5808-1024x684.jpg 1024w, https:\/\/palinski.org\/wp-content\/uploads\/2018\/05\/DSC_5808-272x182.jpg 272w\" sizes=\"auto, (max-width: 1498px) 100vw, 1498px\" \/><\/p>\n<p><img loading=\"lazy\" decoding=\"async\" class=\"aligncenter size-full wp-image-2425\" src=\"https:\/\/palinski.org\/wp-content\/uploads\/2018\/05\/DSC_5809.jpg\" alt=\"\" width=\"1498\" height=\"1000\" srcset=\"https:\/\/palinski.org\/wp-content\/uploads\/2018\/05\/DSC_5809.jpg 1498w, https:\/\/palinski.org\/wp-content\/uploads\/2018\/05\/DSC_5809-150x100.jpg 150w, https:\/\/palinski.org\/wp-content\/uploads\/2018\/05\/DSC_5809-500x334.jpg 500w, https:\/\/palinski.org\/wp-content\/uploads\/2018\/05\/DSC_5809-768x513.jpg 768w, https:\/\/palinski.org\/wp-content\/uploads\/2018\/05\/DSC_5809-1024x684.jpg 1024w, https:\/\/palinski.org\/wp-content\/uploads\/2018\/05\/DSC_5809-272x182.jpg 272w\" sizes=\"auto, (max-width: 1498px) 100vw, 1498px\" \/><\/p>\n<p><img loading=\"lazy\" decoding=\"async\" class=\"aligncenter size-full wp-image-2422\" src=\"https:\/\/palinski.org\/wp-content\/uploads\/2018\/05\/DSC_5801.jpg\" alt=\"\" width=\"1498\" height=\"1000\" srcset=\"https:\/\/palinski.org\/wp-content\/uploads\/2018\/05\/DSC_5801.jpg 1498w, https:\/\/palinski.org\/wp-content\/uploads\/2018\/05\/DSC_5801-150x100.jpg 150w, https:\/\/palinski.org\/wp-content\/uploads\/2018\/05\/DSC_5801-500x334.jpg 500w, https:\/\/palinski.org\/wp-content\/uploads\/2018\/05\/DSC_5801-768x513.jpg 768w, https:\/\/palinski.org\/wp-content\/uploads\/2018\/05\/DSC_5801-1024x684.jpg 1024w, https:\/\/palinski.org\/wp-content\/uploads\/2018\/05\/DSC_5801-272x182.jpg 272w\" sizes=\"auto, (max-width: 1498px) 100vw, 1498px\" \/><\/p>\n<p>Wi\u0119ksza uliczka w bazarze. Uliczki w bazarze nie zawsze s\u0105 zadaszone, ale je\u015bli s\u0105, to s\u0105 to kopu\u0142y z oknami, przez kt\u00f3re mo\u017ce wpada\u0107 \u015bwiat\u0142o.<\/p>\n<p><img loading=\"lazy\" decoding=\"async\" class=\"aligncenter size-full wp-image-2423\" src=\"https:\/\/palinski.org\/wp-content\/uploads\/2018\/05\/DSC_5805.jpg\" alt=\"\" width=\"1498\" height=\"1000\" srcset=\"https:\/\/palinski.org\/wp-content\/uploads\/2018\/05\/DSC_5805.jpg 1498w, https:\/\/palinski.org\/wp-content\/uploads\/2018\/05\/DSC_5805-150x100.jpg 150w, https:\/\/palinski.org\/wp-content\/uploads\/2018\/05\/DSC_5805-500x334.jpg 500w, https:\/\/palinski.org\/wp-content\/uploads\/2018\/05\/DSC_5805-768x513.jpg 768w, https:\/\/palinski.org\/wp-content\/uploads\/2018\/05\/DSC_5805-1024x684.jpg 1024w, https:\/\/palinski.org\/wp-content\/uploads\/2018\/05\/DSC_5805-272x182.jpg 272w\" sizes=\"auto, (max-width: 1498px) 100vw, 1498px\" \/><\/p>\n<p><img loading=\"lazy\" decoding=\"async\" class=\"aligncenter size-full wp-image-2426\" src=\"https:\/\/palinski.org\/wp-content\/uploads\/2018\/05\/DSC_5818.jpg\" alt=\"\" width=\"1498\" height=\"1000\" srcset=\"https:\/\/palinski.org\/wp-content\/uploads\/2018\/05\/DSC_5818.jpg 1498w, https:\/\/palinski.org\/wp-content\/uploads\/2018\/05\/DSC_5818-150x100.jpg 150w, https:\/\/palinski.org\/wp-content\/uploads\/2018\/05\/DSC_5818-500x334.jpg 500w, https:\/\/palinski.org\/wp-content\/uploads\/2018\/05\/DSC_5818-768x513.jpg 768w, https:\/\/palinski.org\/wp-content\/uploads\/2018\/05\/DSC_5818-1024x684.jpg 1024w, https:\/\/palinski.org\/wp-content\/uploads\/2018\/05\/DSC_5818-272x182.jpg 272w\" sizes=\"auto, (max-width: 1498px) 100vw, 1498px\" \/><\/p>\n<p><img loading=\"lazy\" decoding=\"async\" class=\"aligncenter size-full wp-image-2421\" src=\"https:\/\/palinski.org\/wp-content\/uploads\/2018\/05\/DSC_5790.jpg\" alt=\"\" width=\"1498\" height=\"1000\" srcset=\"https:\/\/palinski.org\/wp-content\/uploads\/2018\/05\/DSC_5790.jpg 1498w, https:\/\/palinski.org\/wp-content\/uploads\/2018\/05\/DSC_5790-150x100.jpg 150w, https:\/\/palinski.org\/wp-content\/uploads\/2018\/05\/DSC_5790-500x334.jpg 500w, https:\/\/palinski.org\/wp-content\/uploads\/2018\/05\/DSC_5790-768x513.jpg 768w, https:\/\/palinski.org\/wp-content\/uploads\/2018\/05\/DSC_5790-1024x684.jpg 1024w, https:\/\/palinski.org\/wp-content\/uploads\/2018\/05\/DSC_5790-272x182.jpg 272w\" sizes=\"auto, (max-width: 1498px) 100vw, 1498px\" \/><\/p>\n<h4>Niebieski meczet<\/h4>\n<p>Niebieski meczet albo meczet Kabud (<strong>\u0645\u0633\u062c\u062f \u06a9\u0628\u0648\u062f<\/strong>, Blue Mosque, 38\u00b004&#8217;25&#8243;N 46\u00b018&#8217;04&#8243;E) zosta\u0142 wybudowany w 1465 roku a w 1780 roku zosta\u0142 powa\u017cnie zniszczony przez trz\u0119sienie ziemi. Od 1973 roku jest powoli odbudowywany, ale wida\u0107, \u017ce zosta\u0142o jeszcze sporo do zrobienia.<\/p>\n<p><img loading=\"lazy\" decoding=\"async\" class=\"aligncenter size-full wp-image-2429\" src=\"https:\/\/palinski.org\/wp-content\/uploads\/2018\/05\/DSC_5851.jpg\" alt=\"\" width=\"1498\" height=\"1000\" srcset=\"https:\/\/palinski.org\/wp-content\/uploads\/2018\/05\/DSC_5851.jpg 1498w, https:\/\/palinski.org\/wp-content\/uploads\/2018\/05\/DSC_5851-150x100.jpg 150w, https:\/\/palinski.org\/wp-content\/uploads\/2018\/05\/DSC_5851-500x334.jpg 500w, https:\/\/palinski.org\/wp-content\/uploads\/2018\/05\/DSC_5851-768x513.jpg 768w, https:\/\/palinski.org\/wp-content\/uploads\/2018\/05\/DSC_5851-1024x684.jpg 1024w, https:\/\/palinski.org\/wp-content\/uploads\/2018\/05\/DSC_5851-272x182.jpg 272w\" sizes=\"auto, (max-width: 1498px) 100vw, 1498px\" \/><\/p>\n<p><img loading=\"lazy\" decoding=\"async\" class=\"aligncenter size-full wp-image-2427\" src=\"https:\/\/palinski.org\/wp-content\/uploads\/2018\/05\/DSC_5861.jpg\" alt=\"\" width=\"1498\" height=\"1000\" srcset=\"https:\/\/palinski.org\/wp-content\/uploads\/2018\/05\/DSC_5861.jpg 1498w, https:\/\/palinski.org\/wp-content\/uploads\/2018\/05\/DSC_5861-150x100.jpg 150w, https:\/\/palinski.org\/wp-content\/uploads\/2018\/05\/DSC_5861-500x334.jpg 500w, https:\/\/palinski.org\/wp-content\/uploads\/2018\/05\/DSC_5861-768x513.jpg 768w, https:\/\/palinski.org\/wp-content\/uploads\/2018\/05\/DSC_5861-1024x684.jpg 1024w, https:\/\/palinski.org\/wp-content\/uploads\/2018\/05\/DSC_5861-272x182.jpg 272w\" sizes=\"auto, (max-width: 1498px) 100vw, 1498px\" \/><\/p>\n<p><img loading=\"lazy\" decoding=\"async\" class=\"aligncenter size-full wp-image-2430\" src=\"https:\/\/palinski.org\/wp-content\/uploads\/2018\/05\/DSC_5858.jpg\" alt=\"\" width=\"1498\" height=\"1000\" srcset=\"https:\/\/palinski.org\/wp-content\/uploads\/2018\/05\/DSC_5858.jpg 1498w, https:\/\/palinski.org\/wp-content\/uploads\/2018\/05\/DSC_5858-150x100.jpg 150w, https:\/\/palinski.org\/wp-content\/uploads\/2018\/05\/DSC_5858-500x334.jpg 500w, https:\/\/palinski.org\/wp-content\/uploads\/2018\/05\/DSC_5858-768x513.jpg 768w, https:\/\/palinski.org\/wp-content\/uploads\/2018\/05\/DSC_5858-1024x684.jpg 1024w, https:\/\/palinski.org\/wp-content\/uploads\/2018\/05\/DSC_5858-272x182.jpg 272w\" sizes=\"auto, (max-width: 1498px) 100vw, 1498px\" \/><\/p>\n<p><img loading=\"lazy\" decoding=\"async\" class=\"aligncenter size-full wp-image-2428\" src=\"https:\/\/palinski.org\/wp-content\/uploads\/2018\/05\/DSC_5848.jpg\" alt=\"\" width=\"1498\" height=\"1000\" srcset=\"https:\/\/palinski.org\/wp-content\/uploads\/2018\/05\/DSC_5848.jpg 1498w, https:\/\/palinski.org\/wp-content\/uploads\/2018\/05\/DSC_5848-150x100.jpg 150w, https:\/\/palinski.org\/wp-content\/uploads\/2018\/05\/DSC_5848-500x334.jpg 500w, https:\/\/palinski.org\/wp-content\/uploads\/2018\/05\/DSC_5848-768x513.jpg 768w, https:\/\/palinski.org\/wp-content\/uploads\/2018\/05\/DSC_5848-1024x684.jpg 1024w, https:\/\/palinski.org\/wp-content\/uploads\/2018\/05\/DSC_5848-272x182.jpg 272w\" sizes=\"auto, (max-width: 1498px) 100vw, 1498px\" \/><\/p>\n<p>Nie uda\u0142o mi si\u0119 wszystkiego zwiedzi\u0107 w Tebriz albo zdj\u0119cia nie s\u0105 wystarczaj\u0105co dobre, \u017ceby je tutaj zamie\u015bci\u0107. Tebriz by\u0142 moj\u0105 baz\u0105 wypadow\u0105 do arme\u0144skich ko\u015bcio\u0142\u00f3w, zamku Babak, wioski Kandowan oraz jeziora Urmia.<\/p>\n","protected":false},"excerpt":{"rendered":"<p>Tebriz (\u062a\u0628\u0631\u06cc\u0632, Tebriz), dawna stolica Iranu, po\u0142o\u017cony jest w p\u00f3\u0142nocno-zachodniej cz\u0119\u015bci Iranu, w ostanie Azerbejd\u017can Wschodni. Populacja wynosi 1 600 000 mieszka\u0144c\u00f3w. Bazar w Tebriz (38\u00b004&#8217;52&#8243;N 46\u00b017&#8217;31&#8243;E) jest najwi\u0119kszym i najstarszym bazarem na \u015bwiecie, na jego terenie znajduje si\u0119 ponad 5000 sklep\u00f3w. Bazar jest podzielony na sekcje, poni\u017cej sekcja z dywanami. Dywany z Tebriz uwa\u017cane<\/p>\n<div><a class=\"btn-filled btn\" href=\"https:\/\/palinski.org\/?p=2413\" title=\"Tebriz\">Read More<\/a><\/div>\n","protected":false},"author":1,"featured_media":0,"comment_status":"open","ping_status":"open","sticky":false,"template":"","format":"standard","meta":{"footnotes":""},"categories":[752,794],"tags":[847,836,846,738,1008,356,853,852,851,850,845,855,844,848,849],"class_list":["post-2413","post","type-post","status-publish","format-standard","hentry","category-landscape","category-travels","tag-azerbejdzan","tag-bazaar","tag-bazar","tag-dywan","tag-iran","tag-jezioro","tag-kabud","tag-meczet","tag-niebieski","tag-oprawiony","tag-perski","tag-slone","tag-tebriz","tag-wschodni","tag-zachodni"],"_links":{"self":[{"href":"https:\/\/palinski.org\/index.php?rest_route=\/wp\/v2\/posts\/2413","targetHints":{"allow":["GET"]}}],"collection":[{"href":"https:\/\/palinski.org\/index.php?rest_route=\/wp\/v2\/posts"}],"about":[{"href":"https:\/\/palinski.org\/index.php?rest_route=\/wp\/v2\/types\/post"}],"author":[{"embeddable":true,"href":"https:\/\/palinski.org\/index.php?rest_route=\/wp\/v2\/users\/1"}],"replies":[{"embeddable":true,"href":"https:\/\/palinski.org\/index.php?rest_route=%2Fwp%2Fv2%2Fcomments&post=2413"}],"version-history":[{"count":7,"href":"https:\/\/palinski.org\/index.php?rest_route=\/wp\/v2\/posts\/2413\/revisions"}],"predecessor-version":[{"id":3189,"href":"https:\/\/palinski.org\/index.php?rest_route=\/wp\/v2\/posts\/2413\/revisions\/3189"}],"wp:attachment":[{"href":"https:\/\/palinski.org\/index.php?rest_route=%2Fwp%2Fv2%2Fmedia&parent=2413"}],"wp:term":[{"taxonomy":"category","embeddable":true,"href":"https:\/\/palinski.org\/index.php?rest_route=%2Fwp%2Fv2%2Fcategories&post=2413"},{"taxonomy":"post_tag","embeddable":true,"href":"https:\/\/palinski.org\/index.php?rest_route=%2Fwp%2Fv2%2Ftags&post=2413"}],"curies":[{"name":"wp","href":"https:\/\/api.w.org\/{rel}","templated":true}]}}